{"id":2597,"date":"2025-11-10T11:51:07","date_gmt":"2025-11-10T10:51:07","guid":{"rendered":"https:\/\/www.registreer.frl\/het-verhaal-van-heitmem-frl\/"},"modified":"2026-03-03T11:34:00","modified_gmt":"2026-03-03T10:34:00","slug":"it-ferhaal-fan-heitmem-frl","status":"publish","type":"post","link":"https:\/\/www.registreer.frl\/frl\/it-ferhaal-fan-heitmem-frl\/","title":{"rendered":"It ferhaal fan Heit&amp;mem.frl"},"content":{"rendered":"\n<blockquote class=\"wp-block-quote is-layout-flow wp-block-quote-is-layout-flow\">\n<h2 class=\"wp-block-heading\">\u201cUs doelgroep f\u00fbn de oerstap nei .frl allinnich mar logysk.\u201d<\/h2>\n\n\n\n<p><em>-Dieuwke van der Meer, haadredakteur Heit &amp; Mem<\/em><\/p>\n<\/blockquote>\n\n\n\n<p><\/p>\n\n\n\n<p class=\"has-text-align-left\"><strong><strong><strong>\u2018Heit\u2019 of \u2018Mem\u2019. Foar in soad poppen is it it earste wurdsje dat se brabbelje. Soest sizze dat de Fryske taal mei de brijleppel yngetten wurdt. Dochs is meartalige opfieding net altyd like fanselssprekkend. It tydskrift Heit &amp; Mem motivearret \u00e2lden d\u00earta. Wat beg\u00fbn as in printe tydskrift is \u00fatgroeid ta in multymediaal platfoarm, \u00fbnderstipe troch Af\u00fbk \u2013 it taalynstit\u00fat dat him ynset foar it befoarderjen fan de Fryske taal. Wy sprutsen haadredakteur Dieuwke van der Meer oer de rol dy\u2019t Heit &amp; Mem spilet yn it beh\u00e2ld fan de Fryske taal en hoe\u2019t .frl d\u00earoan bydraacht.<\/strong><\/strong><\/strong><\/p>\n\n\n\n<p class=\"has-text-align-left\"><strong>In sterke basis foar meartaligens<\/strong><\/p>\n\n\n\n<p>It doel fan Heit &amp; Mem is d\u00fadlik: (oansteande) \u00e2lden ynformearje oer de foardielen fan meartalige opfieding. \u201cWy litte sjen dat de Fryske taal net allinnich in th\u00fasgefoel jout, mar ek in wichtige basis is foar de taal\u00fbntwikkeling fan bern,\u201d fertelt Dieuwke. \u201cMinsken kenne Heit &amp; Mem fan \u00fas magazine dat twa kear yn it jier ferskynt, en wy hawwe in goedbesochte webside. Fierder binne wy aktyf op sosjale media, jouwe wy de Lytse Heit &amp; Mem \u00fat foar \u00e2lden (yn ferwachting) fan poppen \u00e9n meitsje wy in podcast. En dat is noch mar in greep \u00fat \u00fas wurk!\u201d<\/p>\n\n\n\n<p><strong>Fan 0 oant 12 jier<\/strong><\/p>\n\n\n\n<p>De mienskip spilet in grutte rol yn de tast\u00e2nkomming fan Heit &amp; Mem. \u201cWy wurkje gear mei \u00e2lden en skriuwers om ferhalen te dielen dy\u2019t werkenber binne foar Fryske h\u00fash\u00e2ldingen. In popul\u00eare rubryk is \u2018Sa prate wy th\u00fas\u2019, d\u00ear\u2019t h\u00fash\u00e2ldingen yn fertelle hoe\u2019t se th\u00fas ferskillende talen kombinearje. Wy fine altyd h\u00fash\u00e2ldingen mei in moai ferhaal, trochdat de Fryske mienskip aktyf op \u00fas oproppen reagearret en dy dielt. Wy kinne op har rekkenje.\u201d<\/p>\n\n\n\n<p><strong>.frl past \u00fas perfekt<\/strong><\/p>\n\n\n\n<p>Lange tiid draaide Heit &amp; Mem op in .nl-domein, mar by de \u00fbntwikkeling fan de nije webside wie de kar foar .frl gau makke. \u201cIt past perfekt,\u201d seit Dieuwke. \u201cHeit en Mem binne Fryske wurden en wy wolle de Fryske taal en kultuer sa sterk mooglik profilearje. Dan is in Fryske domeinnamme in logyske stap. It \u00fbnderstreket w\u00ear\u2019t wy foar stean en makket fuortdaliks d\u00fadlik dat wy in Frysk platfoarm binne. It is in statement, .frl. As wy it net dogge, wa dan wol?\u201d<\/p>\n\n\n\n<p><strong>Twatalich, mar altyd Frysk op de foargr\u00fbn<\/strong><\/p>\n\n\n\n<p>Heit &amp; Mem is net folslein Frysktalich, en dat is in bewust kar. \u201cWy binne f\u00f3ar meartaligens,\u201d leit Dieuwke \u00fat. \u201cNet elkenien dy\u2019t Frysk ferstiet, kin it ek goed l\u00eaze. D\u00earom skriuwe wy guon langere of spesjalistyske artikels yn it Nederl\u00e2nsk, mar altyd mei in Frysktalige kop derop en quote derby. Sa bliuwt it tagonklik, s\u00fbnder dat wy de Fryske identiteit ferlieze.\u201d<\/p>\n\n\n\n<p><strong>In takomst mei Frysk op \u2019e lippen<\/strong><\/p>\n\n\n\n<p>Heit &amp; Mem bliuwt him \u00fbntwikkeljen. \u201cWy besjogge hieltyd hoe\u2019t wy \u00fas doelgroep noch better berikke kinne. De webside, it magazine, sosjale media \u2013 it binne allegear middels om \u00e2lden te ynspirearjen om har bern meartalich op te fieden. Oft dat no mei it tydskrift op de kofjetafel is of fia in post op Instagram. Wat der ek feroaret, \u00fas kearn bliuwt oerein: de Fryske taal is weardefol, en wy helpe \u00e2lden om dat troch te jaan.\u201d<\/p>\n\n\n\n<p class=\"has-text-align-left\"><strong><strong><strong>Bisto ek grutsk om as Frysk of yn Frysl\u00e2n \u00fbndernimmer te w\u00eazen? <a href=\"http:\/\/registreer.frl\/frl\" type=\"link\" id=\"http:\/\/registreer.frl\/frl\">Claim dan dyn .frl-domein!<\/a><\/strong><\/strong><\/strong><br><br><strong>Besjoch hjir de fideorige dy\u2019t wy mei de Heit &amp; Mem makke ha:<\/strong><\/p>\n\n\n\n<div style=\"height:720px width:100%;flex-direction: row\">\n<video width=\"405\" height=\"720\" controls=\"\" src=\"https:\/\/www.registreer.frl\/wp-content\/uploads\/2025\/11\/Reel-1-Friese-taal-doorgeven_V3.1-1.mp4\"><\/video>\n<video width=\"405\" height=\"720\" controls=\"\" src=\"https:\/\/www.registreer.frl\/wp-content\/uploads\/2025\/11\/Reel-2-mienskip-verhalen_V4.mp4\"><\/video>\n<video width=\"405\" height=\"720\" controls=\"\" src=\"https:\/\/www.registreer.frl\/wp-content\/uploads\/2025\/11\/Reel-3-.frl-de-logische-keuze_V3.2.mp4\"><\/video>\n<\/div>\n\n\n\n<p><\/p>\n","protected":false},"excerpt":{"rendered":"<p>\u201cUs doelgroep f\u00fbn de oerstap nei .frl allinnich mar logysk.\u201d -Dieuwke van der Meer, haadredakteur Heit &amp; Mem \u2018Heit\u2019 of&#8230;<\/p>\n","protected":false},"author":123458,"featured_media":2572,"comment_status":"closed","ping_status":"closed","sticky":false,"template":"","format":"standard","meta":{"_acf_changed":false,"inline_featured_image":false,"footnotes":""},"categories":[1],"class_list":["post-2597","post","type-post","status-publish","format-standard","has-post-thumbnail","hentry","category-geen-onderdeel-van-een-categorie"],"acf":[],"yoast_head":"<!-- This site is optimized with the Yoast SEO plugin v27.5 - https:\/\/yoast.com\/product\/yoast-seo-wordpress\/ -->\n<title>It ferhaal fan Heit&amp;mem.frl - Registreer FRL<\/title>\n<meta name=\"description\" content=\"Boomsma Distilleerderij: 140 jaar vakmanschap en export vanuit het hart van Friesland: Leeuwarden. Ontdek waarom zij kiezen voor .frl!\" \/>\n<meta name=\"robots\" content=\"index, follow, max-snippet:-1, max-image-preview:large, max-video-preview:-1\" \/>\n<link rel=\"canonical\" href=\"https:\/\/www.registreer.frl\/frl\/it-ferhaal-fan-heitmem-frl\/\" \/>\n<meta property=\"og:locale\" content=\"fr_FR\" \/>\n<meta property=\"og:type\" content=\"article\" \/>\n<meta property=\"og:title\" content=\"It ferhaal fan Heit&amp;mem.frl - Registreer FRL\" \/>\n<meta property=\"og:description\" content=\"Boomsma Distilleerderij: 140 jaar vakmanschap en export vanuit het hart van Friesland: Leeuwarden. Ontdek waarom zij kiezen voor .frl!\" \/>\n<meta property=\"og:url\" content=\"https:\/\/www.registreer.frl\/frl\/it-ferhaal-fan-heitmem-frl\/\" \/>\n<meta property=\"og:site_name\" content=\"Registreer FRL\" \/>\n<meta property=\"article:published_time\" content=\"2025-11-10T10:51:07+00:00\" \/>\n<meta property=\"article:modified_time\" content=\"2026-03-03T10:34:00+00:00\" \/>\n<meta property=\"og:image\" content=\"https:\/\/www.registreer.frl\/wp-content\/uploads\/2026\/02\/heit-mem.jpg\" \/>\n\t<meta property=\"og:image:width\" content=\"2100\" \/>\n\t<meta property=\"og:image:height\" content=\"1400\" \/>\n\t<meta property=\"og:image:type\" content=\"image\/jpeg\" \/>\n<meta name=\"author\" content=\"Junction\" \/>\n<meta name=\"twitter:card\" content=\"summary_large_image\" \/>\n<meta name=\"twitter:label1\" content=\"Written by\" \/>\n\t<meta name=\"twitter:data1\" content=\"Junction\" \/>\n\t<meta name=\"twitter:label2\" content=\"Est. reading time\" \/>\n\t<meta name=\"twitter:data2\" content=\"3 minutes\" \/>\n<script type=\"application\/ld+json\" class=\"yoast-schema-graph\">{\"@context\":\"https:\\\/\\\/schema.org\",\"@graph\":[{\"@type\":\"Article\",\"@id\":\"https:\\\/\\\/www.registreer.frl\\\/frl\\\/it-ferhaal-fan-heitmem-frl\\\/#article\",\"isPartOf\":{\"@id\":\"https:\\\/\\\/www.registreer.frl\\\/frl\\\/it-ferhaal-fan-heitmem-frl\\\/\"},\"author\":{\"name\":\"Junction\",\"@id\":\"https:\\\/\\\/www.registreer.frl\\\/frl\\\/#\\\/schema\\\/person\\\/6b3e10ca42ff20a3e59ab8165ef99967\"},\"headline\":\"It ferhaal fan Heit&amp;mem.frl\",\"datePublished\":\"2025-11-10T10:51:07+00:00\",\"dateModified\":\"2026-03-03T10:34:00+00:00\",\"mainEntityOfPage\":{\"@id\":\"https:\\\/\\\/www.registreer.frl\\\/frl\\\/it-ferhaal-fan-heitmem-frl\\\/\"},\"wordCount\":610,\"image\":{\"@id\":\"https:\\\/\\\/www.registreer.frl\\\/frl\\\/it-ferhaal-fan-heitmem-frl\\\/#primaryimage\"},\"thumbnailUrl\":\"https:\\\/\\\/www.registreer.frl\\\/wp-content\\\/uploads\\\/2026\\\/02\\\/heit-mem.jpg\",\"articleSection\":[\"Geen onderdeel van een categorie\"],\"inLanguage\":\"frl-FRL\"},{\"@type\":\"WebPage\",\"@id\":\"https:\\\/\\\/www.registreer.frl\\\/frl\\\/it-ferhaal-fan-heitmem-frl\\\/\",\"url\":\"https:\\\/\\\/www.registreer.frl\\\/frl\\\/it-ferhaal-fan-heitmem-frl\\\/\",\"name\":\"It ferhaal fan Heit&amp;mem.frl - Registreer FRL\",\"isPartOf\":{\"@id\":\"https:\\\/\\\/www.registreer.frl\\\/frl\\\/#website\"},\"primaryImageOfPage\":{\"@id\":\"https:\\\/\\\/www.registreer.frl\\\/frl\\\/it-ferhaal-fan-heitmem-frl\\\/#primaryimage\"},\"image\":{\"@id\":\"https:\\\/\\\/www.registreer.frl\\\/frl\\\/it-ferhaal-fan-heitmem-frl\\\/#primaryimage\"},\"thumbnailUrl\":\"https:\\\/\\\/www.registreer.frl\\\/wp-content\\\/uploads\\\/2026\\\/02\\\/heit-mem.jpg\",\"datePublished\":\"2025-11-10T10:51:07+00:00\",\"dateModified\":\"2026-03-03T10:34:00+00:00\",\"author\":{\"@id\":\"https:\\\/\\\/www.registreer.frl\\\/frl\\\/#\\\/schema\\\/person\\\/6b3e10ca42ff20a3e59ab8165ef99967\"},\"description\":\"Boomsma Distilleerderij: 140 jaar vakmanschap en export vanuit het hart van Friesland: Leeuwarden. Ontdek waarom zij kiezen voor .frl!\",\"breadcrumb\":{\"@id\":\"https:\\\/\\\/www.registreer.frl\\\/frl\\\/it-ferhaal-fan-heitmem-frl\\\/#breadcrumb\"},\"inLanguage\":\"frl-FRL\",\"potentialAction\":[{\"@type\":\"ReadAction\",\"target\":[\"https:\\\/\\\/www.registreer.frl\\\/frl\\\/it-ferhaal-fan-heitmem-frl\\\/\"]}]},{\"@type\":\"ImageObject\",\"inLanguage\":\"frl-FRL\",\"@id\":\"https:\\\/\\\/www.registreer.frl\\\/frl\\\/it-ferhaal-fan-heitmem-frl\\\/#primaryimage\",\"url\":\"https:\\\/\\\/www.registreer.frl\\\/wp-content\\\/uploads\\\/2026\\\/02\\\/heit-mem.jpg\",\"contentUrl\":\"https:\\\/\\\/www.registreer.frl\\\/wp-content\\\/uploads\\\/2026\\\/02\\\/heit-mem.jpg\",\"width\":2100,\"height\":1400},{\"@type\":\"BreadcrumbList\",\"@id\":\"https:\\\/\\\/www.registreer.frl\\\/frl\\\/it-ferhaal-fan-heitmem-frl\\\/#breadcrumb\",\"itemListElement\":[{\"@type\":\"ListItem\",\"position\":1,\"name\":\"Home\",\"item\":\"https:\\\/\\\/www.registreer.frl\\\/frl\\\/\"},{\"@type\":\"ListItem\",\"position\":2,\"name\":\"It ferhaal fan Heit&amp;mem.frl\"}]},{\"@type\":\"WebSite\",\"@id\":\"https:\\\/\\\/www.registreer.frl\\\/frl\\\/#website\",\"url\":\"https:\\\/\\\/www.registreer.frl\\\/frl\\\/\",\"name\":\"Registreer FRL\",\"description\":\"\",\"potentialAction\":[{\"@type\":\"SearchAction\",\"target\":{\"@type\":\"EntryPoint\",\"urlTemplate\":\"https:\\\/\\\/www.registreer.frl\\\/frl\\\/?s={search_term_string}\"},\"query-input\":{\"@type\":\"PropertyValueSpecification\",\"valueRequired\":true,\"valueName\":\"search_term_string\"}}],\"inLanguage\":\"frl-FRL\"},{\"@type\":\"Person\",\"@id\":\"https:\\\/\\\/www.registreer.frl\\\/frl\\\/#\\\/schema\\\/person\\\/6b3e10ca42ff20a3e59ab8165ef99967\",\"name\":\"Junction\",\"image\":{\"@type\":\"ImageObject\",\"inLanguage\":\"frl-FRL\",\"@id\":\"https:\\\/\\\/secure.gravatar.com\\\/avatar\\\/0ea2d7acd81222317883cd12c32684d29c492103c40f89634cb7127e71d3f208?s=96&d=mm&r=g\",\"url\":\"https:\\\/\\\/secure.gravatar.com\\\/avatar\\\/0ea2d7acd81222317883cd12c32684d29c492103c40f89634cb7127e71d3f208?s=96&d=mm&r=g\",\"contentUrl\":\"https:\\\/\\\/secure.gravatar.com\\\/avatar\\\/0ea2d7acd81222317883cd12c32684d29c492103c40f89634cb7127e71d3f208?s=96&d=mm&r=g\",\"caption\":\"Junction\"}}]}<\/script>\n<!-- \/ Yoast SEO plugin. -->","yoast_head_json":{"title":"It ferhaal fan Heit&amp;mem.frl - Registreer FRL","description":"Boomsma Distilleerderij: 140 jaar vakmanschap en export vanuit het hart van Friesland: Leeuwarden. Ontdek waarom zij kiezen voor .frl!","robots":{"index":"index","follow":"follow","max-snippet":"max-snippet:-1","max-image-preview":"max-image-preview:large","max-video-preview":"max-video-preview:-1"},"canonical":"https:\/\/www.registreer.frl\/frl\/it-ferhaal-fan-heitmem-frl\/","og_locale":"fr_FR","og_type":"article","og_title":"It ferhaal fan Heit&amp;mem.frl - Registreer FRL","og_description":"Boomsma Distilleerderij: 140 jaar vakmanschap en export vanuit het hart van Friesland: Leeuwarden. Ontdek waarom zij kiezen voor .frl!","og_url":"https:\/\/www.registreer.frl\/frl\/it-ferhaal-fan-heitmem-frl\/","og_site_name":"Registreer FRL","article_published_time":"2025-11-10T10:51:07+00:00","article_modified_time":"2026-03-03T10:34:00+00:00","og_image":[{"width":2100,"height":1400,"url":"https:\/\/www.registreer.frl\/wp-content\/uploads\/2026\/02\/heit-mem.jpg","type":"image\/jpeg"}],"author":"Junction","twitter_card":"summary_large_image","twitter_misc":{"Written by":"Junction","Est. reading time":"3 minutes"},"schema":{"@context":"https:\/\/schema.org","@graph":[{"@type":"Article","@id":"https:\/\/www.registreer.frl\/frl\/it-ferhaal-fan-heitmem-frl\/#article","isPartOf":{"@id":"https:\/\/www.registreer.frl\/frl\/it-ferhaal-fan-heitmem-frl\/"},"author":{"name":"Junction","@id":"https:\/\/www.registreer.frl\/frl\/#\/schema\/person\/6b3e10ca42ff20a3e59ab8165ef99967"},"headline":"It ferhaal fan Heit&amp;mem.frl","datePublished":"2025-11-10T10:51:07+00:00","dateModified":"2026-03-03T10:34:00+00:00","mainEntityOfPage":{"@id":"https:\/\/www.registreer.frl\/frl\/it-ferhaal-fan-heitmem-frl\/"},"wordCount":610,"image":{"@id":"https:\/\/www.registreer.frl\/frl\/it-ferhaal-fan-heitmem-frl\/#primaryimage"},"thumbnailUrl":"https:\/\/www.registreer.frl\/wp-content\/uploads\/2026\/02\/heit-mem.jpg","articleSection":["Geen onderdeel van een categorie"],"inLanguage":"frl-FRL"},{"@type":"WebPage","@id":"https:\/\/www.registreer.frl\/frl\/it-ferhaal-fan-heitmem-frl\/","url":"https:\/\/www.registreer.frl\/frl\/it-ferhaal-fan-heitmem-frl\/","name":"It ferhaal fan Heit&amp;mem.frl - Registreer FRL","isPartOf":{"@id":"https:\/\/www.registreer.frl\/frl\/#website"},"primaryImageOfPage":{"@id":"https:\/\/www.registreer.frl\/frl\/it-ferhaal-fan-heitmem-frl\/#primaryimage"},"image":{"@id":"https:\/\/www.registreer.frl\/frl\/it-ferhaal-fan-heitmem-frl\/#primaryimage"},"thumbnailUrl":"https:\/\/www.registreer.frl\/wp-content\/uploads\/2026\/02\/heit-mem.jpg","datePublished":"2025-11-10T10:51:07+00:00","dateModified":"2026-03-03T10:34:00+00:00","author":{"@id":"https:\/\/www.registreer.frl\/frl\/#\/schema\/person\/6b3e10ca42ff20a3e59ab8165ef99967"},"description":"Boomsma Distilleerderij: 140 jaar vakmanschap en export vanuit het hart van Friesland: Leeuwarden. Ontdek waarom zij kiezen voor .frl!","breadcrumb":{"@id":"https:\/\/www.registreer.frl\/frl\/it-ferhaal-fan-heitmem-frl\/#breadcrumb"},"inLanguage":"frl-FRL","potentialAction":[{"@type":"ReadAction","target":["https:\/\/www.registreer.frl\/frl\/it-ferhaal-fan-heitmem-frl\/"]}]},{"@type":"ImageObject","inLanguage":"frl-FRL","@id":"https:\/\/www.registreer.frl\/frl\/it-ferhaal-fan-heitmem-frl\/#primaryimage","url":"https:\/\/www.registreer.frl\/wp-content\/uploads\/2026\/02\/heit-mem.jpg","contentUrl":"https:\/\/www.registreer.frl\/wp-content\/uploads\/2026\/02\/heit-mem.jpg","width":2100,"height":1400},{"@type":"BreadcrumbList","@id":"https:\/\/www.registreer.frl\/frl\/it-ferhaal-fan-heitmem-frl\/#breadcrumb","itemListElement":[{"@type":"ListItem","position":1,"name":"Home","item":"https:\/\/www.registreer.frl\/frl\/"},{"@type":"ListItem","position":2,"name":"It ferhaal fan Heit&amp;mem.frl"}]},{"@type":"WebSite","@id":"https:\/\/www.registreer.frl\/frl\/#website","url":"https:\/\/www.registreer.frl\/frl\/","name":"Registreer FRL","description":"","potentialAction":[{"@type":"SearchAction","target":{"@type":"EntryPoint","urlTemplate":"https:\/\/www.registreer.frl\/frl\/?s={search_term_string}"},"query-input":{"@type":"PropertyValueSpecification","valueRequired":true,"valueName":"search_term_string"}}],"inLanguage":"frl-FRL"},{"@type":"Person","@id":"https:\/\/www.registreer.frl\/frl\/#\/schema\/person\/6b3e10ca42ff20a3e59ab8165ef99967","name":"Junction","image":{"@type":"ImageObject","inLanguage":"frl-FRL","@id":"https:\/\/secure.gravatar.com\/avatar\/0ea2d7acd81222317883cd12c32684d29c492103c40f89634cb7127e71d3f208?s=96&d=mm&r=g","url":"https:\/\/secure.gravatar.com\/avatar\/0ea2d7acd81222317883cd12c32684d29c492103c40f89634cb7127e71d3f208?s=96&d=mm&r=g","contentUrl":"https:\/\/secure.gravatar.com\/avatar\/0ea2d7acd81222317883cd12c32684d29c492103c40f89634cb7127e71d3f208?s=96&d=mm&r=g","caption":"Junction"}}]}},"_links":{"self":[{"href":"https:\/\/www.registreer.frl\/frl\/wp-json\/wp\/v2\/posts\/2597","targetHints":{"allow":["GET"]}}],"collection":[{"href":"https:\/\/www.registreer.frl\/frl\/wp-json\/wp\/v2\/posts"}],"about":[{"href":"https:\/\/www.registreer.frl\/frl\/wp-json\/wp\/v2\/types\/post"}],"author":[{"embeddable":true,"href":"https:\/\/www.registreer.frl\/frl\/wp-json\/wp\/v2\/users\/123458"}],"replies":[{"embeddable":true,"href":"https:\/\/www.registreer.frl\/frl\/wp-json\/wp\/v2\/comments?post=2597"}],"version-history":[{"count":1,"href":"https:\/\/www.registreer.frl\/frl\/wp-json\/wp\/v2\/posts\/2597\/revisions"}],"predecessor-version":[{"id":2618,"href":"https:\/\/www.registreer.frl\/frl\/wp-json\/wp\/v2\/posts\/2597\/revisions\/2618"}],"wp:featuredmedia":[{"embeddable":true,"href":"https:\/\/www.registreer.frl\/frl\/wp-json\/wp\/v2\/media\/2572"}],"wp:attachment":[{"href":"https:\/\/www.registreer.frl\/frl\/wp-json\/wp\/v2\/media?parent=2597"}],"wp:term":[{"taxonomy":"category","embeddable":true,"href":"https:\/\/www.registreer.frl\/frl\/wp-json\/wp\/v2\/categories?post=2597"}],"curies":[{"name":"wp","href":"https:\/\/api.w.org\/{rel}","templated":true}]}}